{"id":1,"date":"2018-06-06T17:04:27","date_gmt":"2018-06-06T15:04:27","guid":{"rendered":"http:\/\/escalebeaute-coiffure.fr\/?p=1"},"modified":"2018-06-25T10:38:07","modified_gmt":"2018-06-25T08:38:07","slug":"bonjour-tout-le-monde","status":"publish","type":"post","link":"https:\/\/escalebeaute-coiffure.fr\/?p=1","title":{"rendered":"A propos de Peggy Caniot"},"content":{"rendered":"<p>Visagiste, relooking, coiffures de f\u00eate, coiffures et chignons de mari\u00e9e, chignons, soins trikoleader, soin \u00e0 la k\u00e9ratine avec lisseur infra rouge, extensions, hairspa, travail \u00e0 la vapeur, maquillage cheveux&#8230;<\/p>\n<p><img loading=\"lazy\" decoding=\"async\" class=\"size-medium wp-image-176 alignleft\" src=\"http:\/\/escalebeaute-coiffure.fr\/wp-content\/uploads\/2018\/06\/photo-Peggy-225x300.jpg\" alt=\"\" width=\"225\" height=\"300\" srcset=\"https:\/\/escalebeaute-coiffure.fr\/wp-content\/uploads\/2018\/06\/photo-Peggy-225x300.jpg 225w, https:\/\/escalebeaute-coiffure.fr\/wp-content\/uploads\/2018\/06\/photo-Peggy.jpg 600w\" sizes=\"(max-width: 225px) 100vw, 225px\" \/><\/p>\n<p>Peggy, responsable du salon Escale Beaut\u00e9<\/p>\n<p><strong>Horaires d&rsquo;ouverture :<\/strong><\/p>\n<ul>\n<li>lundi et mardi : ferm\u00e9<\/li>\n<li>mercredi : 9h00 &#8211; 12h00 &amp; 13h30 &#8211; 18h30<\/li>\n<li>jeudi : 9h00 &#8211; 12h00 &amp; 13h30 &#8211; 18h30<\/li>\n<li>vendredi : 8h00 \u2013 21 h00<\/li>\n<li>samedi : 8h00 &#8211; 13h30<\/li>\n<\/ul>\n<p>&nbsp;<\/p>\n<p>&nbsp;<\/p>\n<p><img loading=\"lazy\" decoding=\"async\" class=\"wp-image-85 alignleft\" src=\"http:\/\/escalebeaute-coiffure.fr\/wp-content\/uploads\/2018\/06\/GAIA-300x245.jpg\" alt=\"\" width=\"119\" height=\"97\" srcset=\"https:\/\/escalebeaute-coiffure.fr\/wp-content\/uploads\/2018\/06\/GAIA-300x245.jpg 300w, https:\/\/escalebeaute-coiffure.fr\/wp-content\/uploads\/2018\/06\/GAIA-768x627.jpg 768w, https:\/\/escalebeaute-coiffure.fr\/wp-content\/uploads\/2018\/06\/GAIA.jpg 972w\" sizes=\"(max-width: 119px) 100vw, 119px\" \/>\u00a0<img loading=\"lazy\" decoding=\"async\" class=\"size-full wp-image-86 alignleft\" src=\"http:\/\/escalebeaute-coiffure.fr\/wp-content\/uploads\/2018\/06\/Wella.jpg\" alt=\"\" width=\"96\" height=\"67\" \/>\u00a0<img loading=\"lazy\" decoding=\"async\" class=\"wp-image-87 alignleft\" src=\"http:\/\/escalebeaute-coiffure.fr\/wp-content\/uploads\/2018\/06\/logo-altearah-300x131.png\" alt=\"\" width=\"233\" height=\"102\" srcset=\"https:\/\/escalebeaute-coiffure.fr\/wp-content\/uploads\/2018\/06\/logo-altearah-300x131.png 300w, https:\/\/escalebeaute-coiffure.fr\/wp-content\/uploads\/2018\/06\/logo-altearah.png 312w\" sizes=\"(max-width: 233px) 100vw, 233px\" \/><\/p>\n<p>formatrice \u00e0 l&rsquo;Institut PK FORMATION<\/p>\n<p>&nbsp;<\/p>\n<p>&nbsp;<\/p>\n<p>Participation \u00e0 de nombreux show de coiffure (voir vid\u00e9os).<\/p>\n<p>N&rsquo;h\u00e9sitez pas \u00e0 nous consulter, une \u00e9tude personnalis\u00e9e vous sera offerte.<\/p>\n","protected":false},"excerpt":{"rendered":"<p>Visagiste, relooking, coiffures de f\u00eate, coiffures et chignons de mari\u00e9e, chignons, soins trikoleader, soin \u00e0 la k\u00e9ratine avec lisseur infra &hellip; <\/p>\n<p><a href=\"https:\/\/escalebeaute-coiffure.fr\/?p=1\" class=\"more-link\">Lire la suite<\/a><\/p>\n","protected":false},"author":1,"featured_media":0,"comment_status":"open","ping_status":"open","sticky":false,"template":"","format":"standard","meta":{"footnotes":""},"categories":[1],"tags":[],"_links":{"self":[{"href":"https:\/\/escalebeaute-coiffure.fr\/index.php?rest_route=\/wp\/v2\/posts\/1"}],"collection":[{"href":"https:\/\/escalebeaute-coiffure.fr\/index.php?rest_route=\/wp\/v2\/posts"}],"about":[{"href":"https:\/\/escalebeaute-coiffure.fr\/index.php?rest_route=\/wp\/v2\/types\/post"}],"author":[{"embeddable":true,"href":"https:\/\/escalebeaute-coiffure.fr\/index.php?rest_route=\/wp\/v2\/users\/1"}],"replies":[{"embeddable":true,"href":"https:\/\/escalebeaute-coiffure.fr\/index.php?rest_route=%2Fwp%2Fv2%2Fcomments&post=1"}],"version-history":[{"count":9,"href":"https:\/\/escalebeaute-coiffure.fr\/index.php?rest_route=\/wp\/v2\/posts\/1\/revisions"}],"predecessor-version":[{"id":178,"href":"https:\/\/escalebeaute-coiffure.fr\/index.php?rest_route=\/wp\/v2\/posts\/1\/revisions\/178"}],"wp:attachment":[{"href":"https:\/\/escalebeaute-coiffure.fr\/index.php?rest_route=%2Fwp%2Fv2%2Fmedia&parent=1"}],"wp:term":[{"taxonomy":"category","embeddable":true,"href":"https:\/\/escalebeaute-coiffure.fr\/index.php?rest_route=%2Fwp%2Fv2%2Fcategories&post=1"},{"taxonomy":"post_tag","embeddable":true,"href":"https:\/\/escalebeaute-coiffure.fr\/index.php?rest_route=%2Fwp%2Fv2%2Ftags&post=1"}],"curies":[{"name":"wp","href":"https:\/\/api.w.org\/{rel}","templated":true}]}}